{"id":15871,"date":"2026-09-04T08:59:47","date_gmt":"2026-09-04T06:59:47","guid":{"rendered":"https:\/\/forumrozwojumazowsza.pl\/?p=15871"},"modified":"2026-09-04T08:59:48","modified_gmt":"2026-09-04T06:59:48","slug":"komplet-patronatow-honorowych-16-forum-rozwoju-mazowsza","status":"publish","type":"post","link":"https:\/\/forumrozwojumazowsza.pl\/index.php\/komplet-patronatow-honorowych-16-forum-rozwoju-mazowsza\/","title":{"rendered":"Komplet patronat\u00f3w honorowych 16. Forum Rozwoju Mazowsza!"},"content":{"rendered":"\n<p class=\"wp-block-paragraph\">Mamy ostatni patronat honorowy tegorocznej edycji! Ministerstwo Funduszy i Polityki Regionalnej obj\u0119\u0142o honorowy patronat nad 16. Forum Rozwoju Mazowsza \u2013 Forum Funduszy Europejskich.<\/p>\n\n\n\n<p class=\"wp-block-paragraph\">To dla nas szczeg\u00f3lnie wa\u017cne wyr\u00f3\u017cnienie. Fundusze Europejskie s\u0105 w centrum Forum, a patronat Ministerstwa odpowiedzialnego za polityk\u0119 rozwoju i koordynacj\u0119 ich wykorzystania w Polsce podkre\u015bla rang\u0119 rozm\u00f3w, kt\u00f3re odb\u0119d\u0105 si\u0119 ju\u017c 6 pa\u017adziernika 2026 r. w Centrum Konferencyjnym Legii Warszawa.<\/p>\n\n\n\n<p class=\"wp-block-paragraph\">Tegoroczne Forum wykracza poza granice Mazowsza. Do Warszawy zapraszamy przedstawicieli administracji publicznej, samorz\u0105d\u00f3w, biznesu, nauki i organizacji spo\u0142ecznych z r\u00f3\u017cnych cz\u0119\u015bci kraju. Chcemy wymienia\u0107 do\u015bwiadczenia, poznawa\u0107 rozwi\u0105zania sprawdzone w innych regionach i wsp\u00f3lnie rozmawia\u0107 o tym, jak Fundusze Europejskie mog\u0105 odpowiada\u0107 na wyzwania, z kt\u00f3rymi mierzymy si\u0119 dzi\u015b i z kt\u00f3rymi b\u0119dziemy mierzy\u0107 si\u0119 w kolejnych latach.<\/p>\n\n\n\n<p class=\"wp-block-paragraph\">Patronat Ministerstwa Funduszy i Polityki Regionalnej zamyka grono patron\u00f3w honorowych 16. Forum Rozwoju Mazowsza. Wcze\u015bniej patronaty nad wydarzeniem obj\u0119li Marsza\u0142ek Wojew\u00f3dztwa Mazowieckiego Adam Struzik, Europejski Komitet Region\u00f3w oraz Przedstawicielstwo Komisji Europejskiej w Polsce.<\/p>\n\n\n\n<p class=\"wp-block-paragraph\">Cieszymy si\u0119, \u017ce tegoroczne Forum zyska\u0142o wsparcie instytucji reprezentuj\u0105cych perspektyw\u0119 regionaln\u0105, krajow\u0105 i europejsk\u0105. To dobrze wsp\u00f3\u0142gra z ponadregionalnym charakterem tegorocznej edycji i ide\u0105, kt\u00f3ra jej przy\u015bwieca: <strong>Wsp\u00f3lny kierunek rozwoju<\/strong>.<\/p>\n\n\n\n<p class=\"wp-block-paragraph\">Dzi\u0119kujemy za zaufanie. Widzimy si\u0119 6 pa\u017adziernika w Warszawie!<\/p>\n\n\n\n<p class=\"wp-block-paragraph\">Zach\u0119camy do \u015bledzenia strony internetowej oraz profili Forum w mediach spo\u0142eczno\u015bciowych, gdzie na bie\u017c\u0105co publikujemy najwa\u017cniejsze informacje o wydarzeniu:<\/p>\n\n\n\n<p class=\"wp-block-paragraph\">Facebook: <a href=\"https:\/\/www.facebook.com\/ForumRozwoju\" target=\"_blank\" rel=\"noopener\">Forum Rozwoju Mazowsza<\/a><\/p>\n\n\n\n<p class=\"wp-block-paragraph\">LinkedIn: <a href=\"https:\/\/www.linkedin.com\/showcase\/forum-rozwoju-mazowsza\/?originalSubdomain=pl\" target=\"_blank\" rel=\"noopener\">Forum Rozwoju Mazowsza<\/a><\/p>\n\n\n\n<p class=\"wp-block-paragraph\"><\/p>\n","protected":false},"excerpt":{"rendered":"<p>Mamy ostatni patronat honorowy tegorocznej edycji! Ministerstwo Funduszy i Polityki Regionalnej obj\u0119\u0142o honorowy patronat nad 16. Forum Rozwoju Mazowsza \u2013 Forum Funduszy Europejskich. To dla nas szczeg\u00f3lnie wa\u017cne wyr\u00f3\u017cnienie. Fundusze Europejskie s\u0105 w centrum Forum, a patronat Ministerstwa odpowiedzialnego za polityk\u0119 rozwoju i koordynacj\u0119 ich wykorzystania w Polsce podkre\u015bla rang\u0119 rozm\u00f3w, kt\u00f3re odb\u0119d\u0105 si\u0119 ju\u017c [&hellip;]<\/p>\n","protected":false},"author":15,"featured_media":15874,"comment_status":"closed","ping_status":"closed","sticky":false,"template":"","format":"standard","meta":{"_acf_changed":false,"ngg_post_thumbnail":0,"footnotes":""},"categories":[1],"tags":[],"class_list":["post-15871","post","type-post","status-publish","format-standard","has-post-thumbnail","hentry","category-aktualnosci"],"acf":[],"_links":{"self":[{"href":"https:\/\/forumrozwojumazowsza.pl\/index.php\/wp-json\/wp\/v2\/posts\/15871","targetHints":{"allow":["GET"]}}],"collection":[{"href":"https:\/\/forumrozwojumazowsza.pl\/index.php\/wp-json\/wp\/v2\/posts"}],"about":[{"href":"https:\/\/forumrozwojumazowsza.pl\/index.php\/wp-json\/wp\/v2\/types\/post"}],"author":[{"embeddable":true,"href":"https:\/\/forumrozwojumazowsza.pl\/index.php\/wp-json\/wp\/v2\/users\/15"}],"replies":[{"embeddable":true,"href":"https:\/\/forumrozwojumazowsza.pl\/index.php\/wp-json\/wp\/v2\/comments?post=15871"}],"version-history":[{"count":2,"href":"https:\/\/forumrozwojumazowsza.pl\/index.php\/wp-json\/wp\/v2\/posts\/15871\/revisions"}],"predecessor-version":[{"id":15875,"href":"https:\/\/forumrozwojumazowsza.pl\/index.php\/wp-json\/wp\/v2\/posts\/15871\/revisions\/15875"}],"wp:featuredmedia":[{"embeddable":true,"href":"https:\/\/forumrozwojumazowsza.pl\/index.php\/wp-json\/wp\/v2\/media\/15874"}],"wp:attachment":[{"href":"https:\/\/forumrozwojumazowsza.pl\/index.php\/wp-json\/wp\/v2\/media?parent=15871"}],"wp:term":[{"taxonomy":"category","embeddable":true,"href":"https:\/\/forumrozwojumazowsza.pl\/index.php\/wp-json\/wp\/v2\/categories?post=15871"},{"taxonomy":"post_tag","embeddable":true,"href":"https:\/\/forumrozwojumazowsza.pl\/index.php\/wp-json\/wp\/v2\/tags?post=15871"}],"curies":[{"name":"wp","href":"https:\/\/api.w.org\/{rel}","templated":true}]}}