{"id":15854,"date":"2026-09-03T14:21:43","date_gmt":"2026-09-03T12:21:43","guid":{"rendered":"https:\/\/forumrozwojumazowsza.pl\/?p=15854"},"modified":"2026-09-03T14:35:29","modified_gmt":"2026-09-03T12:35:29","slug":"ruszyla-rejestracja-uczestnikow-16-forum-rozwoju-mazowsza","status":"publish","type":"post","link":"https:\/\/forumrozwojumazowsza.pl\/index.php\/ruszyla-rejestracja-uczestnikow-16-forum-rozwoju-mazowsza\/","title":{"rendered":"Ruszy\u0142a rejestracja uczestnik\u00f3w"},"content":{"rendered":"\n<p class=\"wp-block-paragraph\"><strong>6 pa\u017adziernika 2026 r. spotykamy si\u0119 w Warszawie na 16. Forum Rozwoju Mazowsza \u2013 Forum Funduszy Europejskich. Rejestracja uczestnik\u00f3w ju\u017c ruszy\u0142a. Udzia\u0142 w wydarzeniu jest bezp\u0142atny. Wystarczy wype\u0142ni\u0107 formularz online.<\/strong>&nbsp;<\/p>\n\n\n\n<p class=\"wp-block-paragraph\"><strong><a href=\"https:\/\/forum2026.c2e.pl\/landing\" target=\"_blank\" rel=\"noreferrer noopener\">Zarejestruj si\u0119 na 16. Forum Rozwoju Mazowsza<\/a>\u00a0<\/strong><\/p>\n\n\n\n<p class=\"wp-block-paragraph\"><strong>Nowetechnologie, zdrowie psychiczne, przysz\u0142o\u015b\u0107 rynku pracy, energia, demografia i rozw\u00f3j ma\u0142ych miast<\/strong>. To tematy, kt\u00f3re dotycz\u0105 nas wszystkich i kt\u00f3re znajd\u0105 si\u0119 w centrum tegorocznych rozm\u00f3w. Do tego warsztaty, spotkania z ekspertami, prezentacje projekt\u00f3w i nowych technologii oraz aktywno\u015bci przygotowane przez blisko 50 Partner\u00f3w.&nbsp;<\/p>\n\n\n\n<p class=\"wp-block-paragraph\">Forum jest otwarte dla ka\u017cdego. Zapraszamy wszystkich, kt\u00f3rzy chc\u0105 lepiej rozumie\u0107 zmiany zachodz\u0105ce wok\u00f3\u0142 nas, pozna\u0107 ciekawe rozwi\u0105zania, spotka\u0107 ludzi z r\u00f3\u017cnych \u015brodowisk i zobaczy\u0107, jak Fundusze Europejskie przek\u0142adaj\u0105 si\u0119 na konkretne dzia\u0142ania i rozw\u00f3j region\u00f3w.&nbsp;<\/p>\n\n\n\n<h2 class=\"wp-block-heading has-text-align-left has-black-color has-text-color has-link-color wp-elements-a47898c9d7a9ea52e1f15473b2a292f5\"><strong>Tematy, kt\u00f3re dotycz\u0105 nas wszystkich<\/strong>&nbsp;<\/h2>\n\n\n\n<p class=\"wp-block-paragraph\">Czy sztuczna inteligencja daje nam wi\u0119cej mo\u017cliwo\u015bci, czy powod\u00f3w do obaw? Co zrobi\u0107, \u017ceby m\u0142odzi ludzie chcieli zosta\u0107 w mniejszych miastach? Jak zmieni si\u0119 rynek pracy wraz ze starzeniem si\u0119 spo\u0142ecze\u0144stwa? Jak skuteczniej dba\u0107 o zdrowie psychiczne? Co mo\u017cemy zrobi\u0107 lokalnie, aby zwi\u0119ksza\u0107 bezpiecze\u0144stwo energetyczne?&nbsp;<\/p>\n\n\n\n<p class=\"wp-block-paragraph\">Na g\u0142\u00f3wnej scenie odb\u0119dzie si\u0119 <strong>sze\u015b\u0107 debat<\/strong>, podczas kt\u00f3rych eksperci i praktycy spojrz\u0105 na te wyzwania z r\u00f3\u017cnych perspektyw.&nbsp;<\/p>\n\n\n\n<p class=\"wp-block-paragraph\">Porozmawiamy r\u00f3wnie\u017c o tym, <strong>jak planowa\u0107 przysz\u0142o\u015b\u0107 w czasach ci\u0105g\u0142ych zmian<\/strong> i jakie decyzje dotycz\u0105ce rozwoju oraz inwestycji b\u0119d\u0105 mia\u0142y znaczenie dla region\u00f3w w kolejnych latach.&nbsp;<\/p>\n\n\n\n<p class=\"wp-block-paragraph\">Jednym z punkt\u00f3w programu b\u0119dzie debata oksfordzka <strong>\u201eAI \u2013 narz\u0119dzie demoniczne czy demonizowane?\u201d<\/strong>. Tym razem g\u0142os w dyskusji zabior\u0105 r\u00f3wnie\u017c m\u0142odzi ludzie. W debacie wezm\u0105 udzia\u0142 uczniowie Zespo\u0142u Szk\u00f3\u0142 w G\u0105binie.&nbsp;<\/p>\n\n\n\n<h2 class=\"wp-block-heading has-text-align-left has-black-color has-text-color has-link-color wp-elements-d3960d11dbc117b652703cd25649fc0f\"><strong>Nie tylko s\u0142uchaj. We\u017a udzia\u0142<\/strong>&nbsp;<\/h2>\n\n\n\n<p class=\"wp-block-paragraph\">16. Forum Rozwoju Mazowsza \u2013 Forum Funduszy Europejskicj to znacznie wi\u0119cej ni\u017c debaty na g\u0142\u00f3wnej scenie.&nbsp;&nbsp;<\/p>\n\n\n\n<p class=\"wp-block-paragraph\"><strong>Blisko 50 Partner\u00f3w wydarzenia<\/strong> przygotuje warsztaty, spotkania z ekspertami, prezentacje projekt\u00f3w i nowych technologii, pokazy, quizy, konkursy oraz inne aktywno\u015bci.&nbsp;<\/p>\n\n\n\n<p class=\"wp-block-paragraph\">B\u0119dzie mo\u017cna podej\u015b\u0107, zapyta\u0107, porozmawia\u0107 i zobaczy\u0107 konkretne rozwi\u0105zania. W\u015br\u00f3d poruszanych temat\u00f3w znajd\u0105 si\u0119 m.in. <strong>sztuczna inteligencja, nowe technologie, dost\u0119pno\u015b\u0107, w\u0142asno\u015b\u0107 intelektualna oraz rozwi\u0105zania wykorzystuj\u0105ce dane do podejmowania decyzji<\/strong>.&nbsp;<\/p>\n\n\n\n<p class=\"wp-block-paragraph\">Warto odwiedzi\u0107 tak\u017ce stref\u0119 Partner\u00f3w, w kt\u00f3rej b\u0119dzie mo\u017cna pozna\u0107 projekty i inicjatywy z r\u00f3\u017cnych dziedzin oraz porozmawia\u0107 z osobami, kt\u00f3re realizuj\u0105 je na co dzie\u0144.&nbsp;<\/p>\n\n\n\n<p class=\"wp-block-paragraph\">Na uczestnik\u00f3w czekaj\u0105 r\u00f3wnie\u017c <strong>\u201eTropy Europy\u201d<\/strong>. Odwiedzaj\u0105c kolejne punkty i wykonuj\u0105c zadania, b\u0119dzie mo\u017cna pozna\u0107 Partner\u00f3w wydarzenia, sprawdzi\u0107 swoj\u0105 wiedz\u0119 o Unii Europejskiej, Funduszach Europejskich i regionach oraz zdoby\u0107 nagrody.&nbsp;<\/p>\n\n\n\n<h2 class=\"wp-block-heading has-text-align-left has-black-color has-text-color has-link-color wp-elements-194b95c54502f8d14cd1fa574112c1df\"><strong>10 region\u00f3w w jednym miejscu<\/strong>&nbsp;<\/h2>\n\n\n\n<p class=\"wp-block-paragraph\">Tegoroczna edycja b\u0119dzie mia\u0142a ponadregionalny charakter. Do Warszawy przyjad\u0105 przedstawiciele dziewi\u0119ciu wojew\u00f3dztw: dolno\u015bl\u0105skiego, kujawsko-pomorskiego, lubelskiego, \u0142\u00f3dzkiego, opolskiego, podkarpackiego, podlaskiego, \u015bwi\u0119tokrzyskiego i warmi\u0144sko-mazurskiego. Razem z Mazowszem oznacza to obecno\u015b\u0107 dziesi\u0119ciu region\u00f3w w jednym miejscu.&nbsp;<\/p>\n\n\n\n<p class=\"wp-block-paragraph\">To mo\u017cliwo\u015b\u0107 poznania do\u015bwiadcze\u0144, projekt\u00f3w i pomys\u0142\u00f3w z r\u00f3\u017cnych cz\u0119\u015bci Polski. W jednym miejscu spotkaj\u0105 si\u0119 przedstawiciele samorz\u0105d\u00f3w, administracji, biznesu, nauki i organizacji spo\u0142ecznych. B\u0119dzie mo\u017cna zobaczy\u0107, jak poszczeg\u00f3lne regiony odpowiadaj\u0105 na stoj\u0105ce przed nimi wyzwania i jak wykorzystuj\u0105 Fundusze Europejskie do wprowadzania konkretnych zmian.&nbsp;<\/p>\n\n\n\n<p class=\"has-black-color has-text-color has-link-color has-large-font-size wp-elements-17c5f18d554631a4e830fdbf4d45f70e wp-block-paragraph\"><strong><a href=\"https:\/\/forum2026.c2e.pl\/landing\" target=\"_blank\" rel=\"noopener\"><strong>Zarejestruj si\u0119 i do\u0142\u0105cz do nas<\/strong>\u00a0<\/a>6 pa\u017adziernika 2026 r.<\/strong>\u00a0<strong>w<\/strong> <strong>Centrum Konferencyjne Legii Warszawa<\/strong>\u00a0<br><strong>ul. \u0141azienkowska 3, Warszawa<\/strong>\u00a0<br><strong>Udzia\u0142 jest bezp\u0142atny. <\/strong><\/p>\n\n\n\n<p class=\"wp-block-paragraph\">Organizatorem wydarzenia jest <strong>Mazowiecka Jednostka Wdra\u017cania Program\u00f3w Unijnych<\/strong>.&nbsp;<\/p>\n\n\n\n<p class=\"has-black-color has-text-color has-link-color wp-elements-354edfba798b5ef92f3b267076bcc829 wp-block-paragraph\">Patronat honorowy nad 16. Forum Rozwoju Mazowsza obj\u0119li <strong><a href=\"https:\/\/www.mazovia.pl\" data-type=\"link\" data-id=\"www.mazovia.pl\" target=\"_blank\" rel=\"noopener\">Marsza\u0142ek Wojew\u00f3dztwa Mazowieckiego Adam Struzik,<\/a> <a href=\"https:\/\/www.cor.europa.eu\/pl\" target=\"_blank\" rel=\"noopener\">Europejski Komitet Region\u00f3w<\/a> oraz <a href=\"https:\/\/poland.representation.ec.europa.eu\/index_pl\" target=\"_blank\" rel=\"noopener\">Przedstawicielstwo Komisji Europejskiej w Polsce<\/a><\/strong>.\u00a0<\/p>\n\n\n\n<p class=\"wp-block-paragraph\">Szczeg\u00f3\u0142owy program i aktualno\u015bci dost\u0119pne s\u0105 na stronie <strong><a href=\"https:\/\/forumrozwojumazowsza.pl\/\" target=\"_blank\" rel=\"noreferrer noopener\">forumrozwojumazowsza.pl<\/a><\/strong><\/p>\n\n\n\n<p class=\"wp-block-paragraph\"><strong>Zarejestruj si\u0119 i do\u0142\u0105cz do nas 6 pa\u017adziernika. Pos\u0142uchaj, porozmawiaj, we\u017a udzia\u0142 w warsztatach i zobacz, jak zmieniaj\u0105 si\u0119 polskie regiony.<\/strong>&nbsp;<\/p>\n\n\n\n<p class=\"wp-block-paragraph\"><\/p>\n","protected":false},"excerpt":{"rendered":"<p>6 pa\u017adziernika 2026 r. spotykamy si\u0119 w Warszawie na 16. Forum Rozwoju Mazowsza \u2013 Forum Funduszy Europejskich. Rejestracja uczestnik\u00f3w ju\u017c ruszy\u0142a. Udzia\u0142 w wydarzeniu jest bezp\u0142atny. Wystarczy wype\u0142ni\u0107 formularz online.&nbsp; Zarejestruj si\u0119 na 16. Forum Rozwoju Mazowsza\u00a0 Nowetechnologie, zdrowie psychiczne, przysz\u0142o\u015b\u0107 rynku pracy, energia, demografia i rozw\u00f3j ma\u0142ych miast. To tematy, kt\u00f3re dotycz\u0105 nas wszystkich [&hellip;]<\/p>\n","protected":false},"author":15,"featured_media":15865,"comment_status":"closed","ping_status":"closed","sticky":false,"template":"","format":"standard","meta":{"_acf_changed":false,"ngg_post_thumbnail":0,"footnotes":""},"categories":[1],"tags":[],"class_list":["post-15854","post","type-post","status-publish","format-standard","has-post-thumbnail","hentry","category-aktualnosci"],"acf":[],"_links":{"self":[{"href":"https:\/\/forumrozwojumazowsza.pl\/index.php\/wp-json\/wp\/v2\/posts\/15854","targetHints":{"allow":["GET"]}}],"collection":[{"href":"https:\/\/forumrozwojumazowsza.pl\/index.php\/wp-json\/wp\/v2\/posts"}],"about":[{"href":"https:\/\/forumrozwojumazowsza.pl\/index.php\/wp-json\/wp\/v2\/types\/post"}],"author":[{"embeddable":true,"href":"https:\/\/forumrozwojumazowsza.pl\/index.php\/wp-json\/wp\/v2\/users\/15"}],"replies":[{"embeddable":true,"href":"https:\/\/forumrozwojumazowsza.pl\/index.php\/wp-json\/wp\/v2\/comments?post=15854"}],"version-history":[{"count":15,"href":"https:\/\/forumrozwojumazowsza.pl\/index.php\/wp-json\/wp\/v2\/posts\/15854\/revisions"}],"predecessor-version":[{"id":15870,"href":"https:\/\/forumrozwojumazowsza.pl\/index.php\/wp-json\/wp\/v2\/posts\/15854\/revisions\/15870"}],"wp:featuredmedia":[{"embeddable":true,"href":"https:\/\/forumrozwojumazowsza.pl\/index.php\/wp-json\/wp\/v2\/media\/15865"}],"wp:attachment":[{"href":"https:\/\/forumrozwojumazowsza.pl\/index.php\/wp-json\/wp\/v2\/media?parent=15854"}],"wp:term":[{"taxonomy":"category","embeddable":true,"href":"https:\/\/forumrozwojumazowsza.pl\/index.php\/wp-json\/wp\/v2\/categories?post=15854"},{"taxonomy":"post_tag","embeddable":true,"href":"https:\/\/forumrozwojumazowsza.pl\/index.php\/wp-json\/wp\/v2\/tags?post=15854"}],"curies":[{"name":"wp","href":"https:\/\/api.w.org\/{rel}","templated":true}]}}